{"tema_id":"6638","string":"ABEJA AFRICANIZADA","created":"2014-11-03 22:02:17","code":null,"notes":[{"@type":"Nota de catalogaci\u00f3n","@lang":"es","@value":"Este termino sera revisado por la profesora Irina "},{"@type":"Nota de catalogaci\u00f3n","@lang":"es","@value":"Allan Dur\u00e1n Espinoza "}]}